{"id":1488,"date":"2025-03-04T19:44:37","date_gmt":"2025-03-04T18:44:37","guid":{"rendered":"https:\/\/www.liemehna.de\/wordpress\/?p=1488"},"modified":"2025-06-01T16:39:02","modified_gmt":"2025-06-01T14:39:02","slug":"fruehjahrsputz-2025-gemeinsam-unsere-orte-zum-strahlen-bringen","status":"publish","type":"post","link":"http:\/\/www.liemehna.de\/wordpress\/2025\/03\/04\/fruehjahrsputz-2025-gemeinsam-unsere-orte-zum-strahlen-bringen\/","title":{"rendered":"Fr\u00fchjahrsputz am 12.04.2025 \u2013 Gemeinsam unsere Orte zum Strahlen bringen!"},"content":{"rendered":"<p data-pm-slice=\"1 1 []\">Der Ortschaftsrat Liemehna &#8211; Ochelmitz &#8211; Gallen, der Kultur- und Sportverein Gallen e.V. sowie der Heimat-, Kultur- und Feuerwehrverein Lumene e.V. rufen alle B\u00fcrgerinnen und B\u00fcrger zum allj\u00e4hrlichen Fr\u00fchjahrsputz auf!<\/p>\n<blockquote>\n<p data-pm-slice=\"1 1 []\">Lasst uns gemeinsam anpacken und unsere Ortschaften fr\u00fchlingsfrisch machen!<\/p>\n<\/blockquote>\n<p><strong>Wann?<\/strong> Samstag, 12. April 2025<\/p>\n<p><strong>Wo?<\/strong> Treffpunkte:<\/p>\n<ul data-spread=\"false\">\n<li><strong>Liemehna:<\/strong> Gasthof zur Goldenen Sonne<\/li>\n<li><strong>Ochelmitz:<\/strong> Spielplatz<\/li>\n<li><strong>Gallen:<\/strong> B\u00fcrgerhaus (ehem. Konsum)<\/li>\n<li>Oder einfach direkt vor der eigenen Haust\u00fcr<\/li>\n<\/ul>\n<p>Gemeinsam sorgen wir f\u00fcr saubere Stra\u00dfen, gepflegte Gr\u00fcnfl\u00e4chen und ein sch\u00f6nes Ortsbild. Jeder, der mithelfen m\u00f6chte, ist herzlich willkommen \u2013 egal ob gro\u00df oder klein!<\/p>\n<p>Nach getaner Arbeit laden wir alle flei\u00dfigen Helfer zu einer wohlverdienten St\u00e4rkung ein: In Liemehna und Gallen gibt es Bockwurst und Getr\u00e4nke f\u00fcr alle Teilnehmer.<\/p>\n<p>Der Ortschaftsrat Liemehna &#8211; Ochelmitz &#8211; Gallen, der Kultur- und Sportverein Gallen e.V. und der Lumene e.V. freuen sich auf eine tatkr\u00e4ftige Beteiligung und w\u00fcnschen allen einen sonnigen und bunten Fr\u00fchling!<\/p>\n<p><img loading=\"lazy\" decoding=\"async\" class=\"aligncenter wp-image-1489 size-large\" src=\"http:\/\/www.liemehna.de\/wordpress\/wp-content\/uploads\/2025\/03\/20250304_Fruehjahresputz_2025-724x1024.jpg\" alt=\"\" width=\"724\" height=\"1024\" srcset=\"http:\/\/www.liemehna.de\/wordpress\/wp-content\/uploads\/2025\/03\/20250304_Fruehjahresputz_2025-724x1024.jpg 724w, http:\/\/www.liemehna.de\/wordpress\/wp-content\/uploads\/2025\/03\/20250304_Fruehjahresputz_2025-212x300.jpg 212w, http:\/\/www.liemehna.de\/wordpress\/wp-content\/uploads\/2025\/03\/20250304_Fruehjahresputz_2025-768x1086.jpg 768w, http:\/\/www.liemehna.de\/wordpress\/wp-content\/uploads\/2025\/03\/20250304_Fruehjahresputz_2025-1087x1536.jpg 1087w, http:\/\/www.liemehna.de\/wordpress\/wp-content\/uploads\/2025\/03\/20250304_Fruehjahresputz_2025.jpg 1415w\" sizes=\"(max-width: 724px) 100vw, 724px\" \/><\/p>\n","protected":false},"excerpt":{"rendered":"<p>Der Ortschaftsrat Liemehna &#8211; Ochelmitz &#8211; Gallen, der Kultur- und Sportverein Gallen e.V. sowie der Heimat-, Kultur- und Feuerwehrverein Lumene e.V. rufen alle B\u00fcrgerinnen und B\u00fcrger zum allj\u00e4hrlichen Fr\u00fchjahrsputz auf! Lasst uns gemeinsam anpacken und unsere Ortschaften fr\u00fchlingsfrisch machen! Wann?<\/p>\n","protected":false},"author":1,"featured_media":0,"comment_status":"closed","ping_status":"closed","sticky":false,"template":"","format":"standard","meta":{"footnotes":""},"categories":[1],"tags":[],"class_list":["post-1488","post","type-post","status-publish","format-standard","hentry","category-allgemein"],"_links":{"self":[{"href":"http:\/\/www.liemehna.de\/wordpress\/wp-json\/wp\/v2\/posts\/1488"}],"collection":[{"href":"http:\/\/www.liemehna.de\/wordpress\/wp-json\/wp\/v2\/posts"}],"about":[{"href":"http:\/\/www.liemehna.de\/wordpress\/wp-json\/wp\/v2\/types\/post"}],"author":[{"embeddable":true,"href":"http:\/\/www.liemehna.de\/wordpress\/wp-json\/wp\/v2\/users\/1"}],"replies":[{"embeddable":true,"href":"http:\/\/www.liemehna.de\/wordpress\/wp-json\/wp\/v2\/comments?post=1488"}],"version-history":[{"count":2,"href":"http:\/\/www.liemehna.de\/wordpress\/wp-json\/wp\/v2\/posts\/1488\/revisions"}],"predecessor-version":[{"id":1491,"href":"http:\/\/www.liemehna.de\/wordpress\/wp-json\/wp\/v2\/posts\/1488\/revisions\/1491"}],"wp:attachment":[{"href":"http:\/\/www.liemehna.de\/wordpress\/wp-json\/wp\/v2\/media?parent=1488"}],"wp:term":[{"taxonomy":"category","embeddable":true,"href":"http:\/\/www.liemehna.de\/wordpress\/wp-json\/wp\/v2\/categories?post=1488"},{"taxonomy":"post_tag","embeddable":true,"href":"http:\/\/www.liemehna.de\/wordpress\/wp-json\/wp\/v2\/tags?post=1488"}],"curies":[{"name":"wp","href":"https:\/\/api.w.org\/{rel}","templated":true}]}}