{"id":1482,"date":"2025-03-04T19:27:43","date_gmt":"2025-03-04T18:27:43","guid":{"rendered":"https:\/\/www.liemehna.de\/wordpress\/?p=1482"},"modified":"2025-06-01T16:39:09","modified_gmt":"2025-06-01T14:39:09","slug":"osterfeuer-in-liemehna-ein-fest-fuer-die-ganze-familie","status":"publish","type":"post","link":"http:\/\/www.liemehna.de\/wordpress\/2025\/03\/04\/osterfeuer-in-liemehna-ein-fest-fuer-die-ganze-familie\/","title":{"rendered":"Osterfeuer am 17.04.2025 in Liemehna \u2013 Ein Fest f\u00fcr die ganze Familie"},"content":{"rendered":"<p data-pm-slice=\"1 1 []\"><strong>Am Gr\u00fcndonnerstag, den 17. April 2025<\/strong>, laden die Freiwillige Feuerwehr Liemehna und der Lumene e.V. herzlich zum traditionellen Osterfeuer ein. Die Veranstaltung verspricht einen stimmungsvollen Abend mit tollen H\u00f6hepunkten f\u00fcr Gro\u00df und Klein.<\/p>\n<p><strong>Ablauf des Abends:<\/strong><\/p>\n<ul>\n<li>Ab 18:00 Uhr treffen sich alle Teilnehmer an der Feuerwehr Liemehna.<\/li>\n<li>Um 19:00 Uhr startet der beliebte Fackel- und Laternenumzug, bei dem Gro\u00df und Klein mit leuchtenden Lichtern den Weg zum Osterfeuer begleiten.<\/li>\n<\/ul>\n<blockquote><p>Hinweis: Fackeln k\u00f6nnen direkt vor Ort erworben werden.<\/p><\/blockquote>\n<p><strong>Ein Fest f\u00fcr die ganze Familie:<\/strong> Neben dem imposanten Osterfeuer erwartet die Besucher ein gem\u00fctliches Beisammensein mit leckerem Essen und Getr\u00e4nken. Auch f\u00fcr die kleinen G\u00e4ste ist bestens gesorgt: Sie d\u00fcrfen sich auf eine spannende Ostereiersuche freuen!<\/p>\n<p><strong>Anlieferung von Holz:<\/strong> Damit das Osterfeuer in vollem Glanz erstrahlen kann, bitten die Veranstalter um die Anlieferung von trockenem Holz (Zweige, \u00c4ste, jedoch kein Gr\u00fcnschnitt). Diese ist ab dem 12. April 2025 m\u00f6glich.<\/p>\n<p>Die Freiwillige Feuerwehr Liemehna und der Lumene e.V. freuen sich auf zahlreiche Besucher und w\u00fcnschen allen ein frohes Osterfest!<\/p>\n<p><img loading=\"lazy\" decoding=\"async\" class=\"aligncenter wp-image-1485 size-large\" src=\"http:\/\/www.liemehna.de\/wordpress\/wp-content\/uploads\/2025\/03\/20250304_Osterfeier-1024x724.jpg\" alt=\"\" width=\"750\" height=\"530\" srcset=\"http:\/\/www.liemehna.de\/wordpress\/wp-content\/uploads\/2025\/03\/20250304_Osterfeier-1024x724.jpg 1024w, http:\/\/www.liemehna.de\/wordpress\/wp-content\/uploads\/2025\/03\/20250304_Osterfeier-300x212.jpg 300w, http:\/\/www.liemehna.de\/wordpress\/wp-content\/uploads\/2025\/03\/20250304_Osterfeier-768x543.jpg 768w, http:\/\/www.liemehna.de\/wordpress\/wp-content\/uploads\/2025\/03\/20250304_Osterfeier-1536x1086.jpg 1536w, http:\/\/www.liemehna.de\/wordpress\/wp-content\/uploads\/2025\/03\/20250304_Osterfeier.jpg 1600w\" sizes=\"(max-width: 750px) 100vw, 750px\" \/><\/p>\n","protected":false},"excerpt":{"rendered":"<p>Am Gr\u00fcndonnerstag, den 17. April 2025, laden die Freiwillige Feuerwehr Liemehna und der Lumene e.V. herzlich zum traditionellen Osterfeuer ein. Die Veranstaltung verspricht einen stimmungsvollen Abend mit tollen H\u00f6hepunkten f\u00fcr Gro\u00df und Klein. Ablauf des Abends: Ab 18:00 Uhr treffen<\/p>\n","protected":false},"author":1,"featured_media":1485,"comment_status":"closed","ping_status":"closed","sticky":false,"template":"","format":"standard","meta":{"footnotes":""},"categories":[1],"tags":[],"class_list":["post-1482","post","type-post","status-publish","format-standard","has-post-thumbnail","hentry","category-allgemein"],"_links":{"self":[{"href":"http:\/\/www.liemehna.de\/wordpress\/wp-json\/wp\/v2\/posts\/1482"}],"collection":[{"href":"http:\/\/www.liemehna.de\/wordpress\/wp-json\/wp\/v2\/posts"}],"about":[{"href":"http:\/\/www.liemehna.de\/wordpress\/wp-json\/wp\/v2\/types\/post"}],"author":[{"embeddable":true,"href":"http:\/\/www.liemehna.de\/wordpress\/wp-json\/wp\/v2\/users\/1"}],"replies":[{"embeddable":true,"href":"http:\/\/www.liemehna.de\/wordpress\/wp-json\/wp\/v2\/comments?post=1482"}],"version-history":[{"count":4,"href":"http:\/\/www.liemehna.de\/wordpress\/wp-json\/wp\/v2\/posts\/1482\/revisions"}],"predecessor-version":[{"id":1487,"href":"http:\/\/www.liemehna.de\/wordpress\/wp-json\/wp\/v2\/posts\/1482\/revisions\/1487"}],"wp:featuredmedia":[{"embeddable":true,"href":"http:\/\/www.liemehna.de\/wordpress\/wp-json\/wp\/v2\/media\/1485"}],"wp:attachment":[{"href":"http:\/\/www.liemehna.de\/wordpress\/wp-json\/wp\/v2\/media?parent=1482"}],"wp:term":[{"taxonomy":"category","embeddable":true,"href":"http:\/\/www.liemehna.de\/wordpress\/wp-json\/wp\/v2\/categories?post=1482"},{"taxonomy":"post_tag","embeddable":true,"href":"http:\/\/www.liemehna.de\/wordpress\/wp-json\/wp\/v2\/tags?post=1482"}],"curies":[{"name":"wp","href":"https:\/\/api.w.org\/{rel}","templated":true}]}}