{"id":1463,"date":"2024-11-20T15:43:10","date_gmt":"2024-11-20T14:43:10","guid":{"rendered":"https:\/\/www.liemehna.de\/wordpress\/2024\/11\/20\/2024-08-16-naechste-sitzung-des-ortschaftsat-copy-copy\/"},"modified":"2025-01-19T10:52:04","modified_gmt":"2025-01-19T09:52:04","slug":"baumschmuecken_weihnachtsfeier_2024","status":"publish","type":"post","link":"http:\/\/www.liemehna.de\/wordpress\/2024\/11\/20\/baumschmuecken_weihnachtsfeier_2024\/","title":{"rendered":"2024-12-01 | Baumschm\u00fccken &#038; Weihnachtsfeier in Liemehna"},"content":{"rendered":"<header class=\"entry-header\">\n<div class=\"flex-1 overflow-hidden\">\n<div class=\"react-scroll-to-bottom--css-aqwbm-79elbk h-full\">\n<div class=\"react-scroll-to-bottom--css-aqwbm-1n7m0yu\">\n<div class=\"flex flex-col text-sm pb-9\">\n<div class=\"w-full text-token-text-primary\" data-testid=\"conversation-turn-3\">\n<div class=\"px-4 py-2 justify-center text-base md:gap-6 m-auto\">\n<div class=\"flex flex-1 text-base mx-auto gap-3 md:px-5 lg:px-1 xl:px-5 md:max-w-3xl lg:max-w-[40rem] xl:max-w-[48rem] group final-completion\">\n<div class=\"relative flex w-full flex-col agent-turn\">\n<div class=\"flex-col gap-1 md:gap-3\">\n<div class=\"flex flex-grow flex-col max-w-full\">\n<div class=\"min-h-[20px] text-message flex flex-col items-start gap-3 whitespace-pre-wrap break-words [.text-message+&amp;]:mt-5 overflow-x-auto\" data-message-author-role=\"assistant\" data-message-id=\"98ef369a-1d1a-4a78-8f05-dcc4cef92539\">\n<div class=\"markdown prose w-full break-words dark:prose-invert light\" style=\"text-align: justify;\">\n<p><a href=\"http:\/\/www.liemehna.de\/wordpress\/wp-content\/uploads\/2024\/11\/241105-Baum-schmueckenWeihnachtsfeier.pdf\"><img loading=\"lazy\" decoding=\"async\" class=\"aligncenter wp-image-1467 size-full\" src=\"http:\/\/www.liemehna.de\/wordpress\/wp-content\/uploads\/2024\/11\/20241120_Weihnachtsfeier_Lumene_eV_800px.jpg\" alt=\"\" width=\"800\" height=\"559\" srcset=\"http:\/\/www.liemehna.de\/wordpress\/wp-content\/uploads\/2024\/11\/20241120_Weihnachtsfeier_Lumene_eV_800px.jpg 800w, http:\/\/www.liemehna.de\/wordpress\/wp-content\/uploads\/2024\/11\/20241120_Weihnachtsfeier_Lumene_eV_800px-300x210.jpg 300w, http:\/\/www.liemehna.de\/wordpress\/wp-content\/uploads\/2024\/11\/20241120_Weihnachtsfeier_Lumene_eV_800px-768x537.jpg 768w\" sizes=\"(max-width: 800px) 100vw, 800px\" \/><\/a><\/p>\n<p>Zur diesj\u00e4hrigen Weihnachtsfeier und zum Schm\u00fccken des Lumene-Weihnachtsbaumes laden wir alle Mitglieder und Interessierten herzlich ein!<\/p>\n<p>Am <strong>1. Dezember 2024<\/strong> beginnen wir um <strong>14:00 Uhr<\/strong> mit dem Schm\u00fccken unseres wundersch\u00f6nen Weihnachtsbaumes. Kommt vorbei und gestaltet gemeinsam mit uns den Baum, der unser Dorf in festlichem Glanz erstrahlen l\u00e4sst.<\/p>\n<p>Doch das ist noch nicht alles! Ab <strong>11:00 Uhr<\/strong> wird im neuen Backofen flei\u00dfig Pl\u00e4tzchen gebacken. Wir freuen uns besonders auf viele kleine Pl\u00e4tzchenb\u00e4cker \u2013 bringt gerne euren Lieblingspl\u00e4tzchenteig mit und backt zusammen mit uns die leckersten Weihnachtsleckereien.<\/p>\n<p>Ab <strong>17:00 Uhr<\/strong> geht es dann in die gem\u00fctliche Weihnachtsfeier \u00fcber. Freut euch auf einen entspannten Abend in guter Gesellschaft. F\u00fcr das leibliche Wohl ist nat\u00fcrlich bestens gesorgt.<\/p>\n<p>Die Veranstaltung wird von <strong>Lumene e.V.<\/strong>, dem Heimat-, Kultur- und Feuerwehrverein Liemehna organisiert.<\/p>\n<p>Wir freuen uns auf zahlreiches Erscheinen und auf einen sch\u00f6nen, besinnlichen Tag mit euch!<\/p>\n<p><strong>Wann?<\/strong><\/p>\n<ol>\n<li>Dezember 2024<br \/>\nPl\u00e4tzchen backen: ab 11:00 Uhr<br \/>\nBaumschm\u00fccken: ab 14:00 Uhr<br \/>\nWeihnachtsfeier: ab 17:00 Uhr<\/li>\n<\/ol>\n<p><strong>Wo?<\/strong><br \/>\nGemeinschaftshaus Liemehna<\/p>\n<p>Kommt vorbei, bringt Familie und Freunde mit und lasst uns gemeinsam in eine besinnliche Adventszeit starten!<\/p>\n<\/div>\n<\/div>\n<\/div>\n<\/div>\n<\/div>\n<\/div>\n<\/div>\n<\/div>\n<\/div>\n<\/div>\n<\/div>\n<\/div>\n<\/header>\n","protected":false},"excerpt":{"rendered":"<p>Zur diesj\u00e4hrigen Weihnachtsfeier und zum Schm\u00fccken des Lumene-Weihnachtsbaumes laden wir alle Mitglieder und Interessierten herzlich ein! Am 1. Dezember 2024 beginnen wir um 14:00 Uhr mit dem Schm\u00fccken unseres wundersch\u00f6nen Weihnachtsbaumes. Kommt vorbei und gestaltet gemeinsam mit uns den Baum,<\/p>\n","protected":false},"author":1,"featured_media":1467,"comment_status":"closed","ping_status":"closed","sticky":false,"template":"","format":"standard","meta":{"footnotes":""},"categories":[1],"tags":[],"class_list":["post-1463","post","type-post","status-publish","format-standard","has-post-thumbnail","hentry","category-allgemein"],"_links":{"self":[{"href":"http:\/\/www.liemehna.de\/wordpress\/wp-json\/wp\/v2\/posts\/1463"}],"collection":[{"href":"http:\/\/www.liemehna.de\/wordpress\/wp-json\/wp\/v2\/posts"}],"about":[{"href":"http:\/\/www.liemehna.de\/wordpress\/wp-json\/wp\/v2\/types\/post"}],"author":[{"embeddable":true,"href":"http:\/\/www.liemehna.de\/wordpress\/wp-json\/wp\/v2\/users\/1"}],"replies":[{"embeddable":true,"href":"http:\/\/www.liemehna.de\/wordpress\/wp-json\/wp\/v2\/comments?post=1463"}],"version-history":[{"count":4,"href":"http:\/\/www.liemehna.de\/wordpress\/wp-json\/wp\/v2\/posts\/1463\/revisions"}],"predecessor-version":[{"id":1469,"href":"http:\/\/www.liemehna.de\/wordpress\/wp-json\/wp\/v2\/posts\/1463\/revisions\/1469"}],"wp:featuredmedia":[{"embeddable":true,"href":"http:\/\/www.liemehna.de\/wordpress\/wp-json\/wp\/v2\/media\/1467"}],"wp:attachment":[{"href":"http:\/\/www.liemehna.de\/wordpress\/wp-json\/wp\/v2\/media?parent=1463"}],"wp:term":[{"taxonomy":"category","embeddable":true,"href":"http:\/\/www.liemehna.de\/wordpress\/wp-json\/wp\/v2\/categories?post=1463"},{"taxonomy":"post_tag","embeddable":true,"href":"http:\/\/www.liemehna.de\/wordpress\/wp-json\/wp\/v2\/tags?post=1463"}],"curies":[{"name":"wp","href":"https:\/\/api.w.org\/{rel}","templated":true}]}}