{"id":1414,"date":"2024-08-16T18:26:25","date_gmt":"2024-08-16T16:26:25","guid":{"rendered":"https:\/\/www.liemehna.de\/wordpress\/?p=1414"},"modified":"2024-11-03T15:49:22","modified_gmt":"2024-11-03T14:49:22","slug":"2024-08-16-naechste-sitzung-des-ortschaftsat","status":"publish","type":"post","link":"http:\/\/www.liemehna.de\/wordpress\/2024\/08\/16\/2024-08-16-naechste-sitzung-des-ortschaftsat\/","title":{"rendered":"2024-09-11 | N\u00e4chste Sitzung des Ortschaftsrat"},"content":{"rendered":"<p>Liebe B\u00fcrgerinnen und B\u00fcrger der Ortschaft Liemehna,<\/p>\n<p>wir m\u00f6chten Sie herzlich zur n\u00e4chsten Sitzung der Ortschaft Liemehna einladen, die am <strong>11. September 2024 um 19:00 Uhr<\/strong> im <strong>Gemeindezentrum Liemehna<\/strong> (Saal) stattfinden wird.<\/p>\n<p>Diese Sitzung ist von besonderer Bedeutung, da die <strong>Wahl des neuen Ortsvorstehens<\/strong> auf der Tagesordnung steht. Ihre Stimme und Meinung sind uns wichtig, und wir hoffen auf eine rege Beteiligung aller B\u00fcrgerinnen und B\u00fcrger.<\/p>\n<p>Nutzen Sie die Gelegenheit, sich aktiv an der Gestaltung unserer Gemeinschaft zu beteiligen und Ihre Stimme bei der Wahl abzugeben.<\/p>\n<p>Wir freuen uns auf Ihr Kommen!<\/p>\n","protected":false},"excerpt":{"rendered":"<p>Liebe B\u00fcrgerinnen und B\u00fcrger der Ortschaft Liemehna, wir m\u00f6chten Sie herzlich zur n\u00e4chsten Sitzung der Ortschaft Liemehna einladen, die am 11. September 2024 um 19:00 Uhr im Gemeindezentrum Liemehna (Saal) stattfinden wird. Diese Sitzung ist von besonderer Bedeutung, da die<\/p>\n","protected":false},"author":1,"featured_media":0,"comment_status":"closed","ping_status":"closed","sticky":false,"template":"","format":"standard","meta":{"footnotes":""},"categories":[1],"tags":[],"class_list":["post-1414","post","type-post","status-publish","format-standard","hentry","category-allgemein"],"_links":{"self":[{"href":"http:\/\/www.liemehna.de\/wordpress\/wp-json\/wp\/v2\/posts\/1414"}],"collection":[{"href":"http:\/\/www.liemehna.de\/wordpress\/wp-json\/wp\/v2\/posts"}],"about":[{"href":"http:\/\/www.liemehna.de\/wordpress\/wp-json\/wp\/v2\/types\/post"}],"author":[{"embeddable":true,"href":"http:\/\/www.liemehna.de\/wordpress\/wp-json\/wp\/v2\/users\/1"}],"replies":[{"embeddable":true,"href":"http:\/\/www.liemehna.de\/wordpress\/wp-json\/wp\/v2\/comments?post=1414"}],"version-history":[{"count":3,"href":"http:\/\/www.liemehna.de\/wordpress\/wp-json\/wp\/v2\/posts\/1414\/revisions"}],"predecessor-version":[{"id":1421,"href":"http:\/\/www.liemehna.de\/wordpress\/wp-json\/wp\/v2\/posts\/1414\/revisions\/1421"}],"wp:attachment":[{"href":"http:\/\/www.liemehna.de\/wordpress\/wp-json\/wp\/v2\/media?parent=1414"}],"wp:term":[{"taxonomy":"category","embeddable":true,"href":"http:\/\/www.liemehna.de\/wordpress\/wp-json\/wp\/v2\/categories?post=1414"},{"taxonomy":"post_tag","embeddable":true,"href":"http:\/\/www.liemehna.de\/wordpress\/wp-json\/wp\/v2\/tags?post=1414"}],"curies":[{"name":"wp","href":"https:\/\/api.w.org\/{rel}","templated":true}]}}