{"id":1380,"date":"2024-06-19T20:57:19","date_gmt":"2024-06-19T18:57:19","guid":{"rendered":"https:\/\/www.liemehna.de\/wordpress\/?p=1380"},"modified":"2024-10-14T21:57:21","modified_gmt":"2024-10-14T19:57:21","slug":"ergebnis-und-bekanntmachung-zur-kommunalwahl-vom-09-06-2024-zur-wahl-eines-neuen-ortschaftsrats-mit-neuem-ortsvorsteher-der-freien-waehlervereinigung-liemehna","status":"publish","type":"post","link":"http:\/\/www.liemehna.de\/wordpress\/2024\/06\/19\/ergebnis-und-bekanntmachung-zur-kommunalwahl-vom-09-06-2024-zur-wahl-eines-neuen-ortschaftsrats-mit-neuem-ortsvorsteher-der-freien-waehlervereinigung-liemehna\/","title":{"rendered":"Ergebnis und Bekanntmachung zur Kommunalwahl vom 09.06.2024 zur Wahl eines neuen Ortschaftsrats mit neuem Ortsvorsteher der freien W\u00e4hlervereinigung Liemehna"},"content":{"rendered":"<p>Der Gemeindewahlausschuss der Gemeinde Jesewitz hat in seiner \u00f6ffentlichen Sitzung am 10.06.2024 das Wahlergebnis ermittelt und festgestellt.<\/p>\n<p>Der neue gew\u00e4hlte Ortschaftsrat der W\u00e4hlervereinigung Liemehna mit den zugeh\u00f6rigen Ortsteilen Liemehna, Ochelmitz und Gallen setzt sich zusammen aus:<\/p>\n<ul>\n<li>Frau Carmen Trennert (wohnhaft in Gallen)<\/li>\n<li>Herrn Markus Felgner (wohnhaft in Ochelmitz)<\/li>\n<li>Herr Ronny Sch\u00f6tter (wohnhaft in Liemehna)<\/li>\n<li>Herrn Frank Vetterlein (wohnhaft in Liemehna)<\/li>\n<\/ul>\n","protected":false},"excerpt":{"rendered":"<p>Der Gemeindewahlausschuss der Gemeinde Jesewitz hat in seiner \u00f6ffentlichen Sitzung am 10.06.2024 das Wahlergebnis ermittelt und festgestellt. Der neue gew\u00e4hlte Ortschaftsrat der W\u00e4hlervereinigung Liemehna mit den zugeh\u00f6rigen Ortsteilen Liemehna, Ochelmitz und Gallen setzt sich zusammen aus: Frau Carmen Trennert (wohnhaft<\/p>\n","protected":false},"author":1,"featured_media":0,"comment_status":"closed","ping_status":"closed","sticky":false,"template":"","format":"standard","meta":{"footnotes":""},"categories":[1],"tags":[],"class_list":["post-1380","post","type-post","status-publish","format-standard","hentry","category-allgemein"],"_links":{"self":[{"href":"http:\/\/www.liemehna.de\/wordpress\/wp-json\/wp\/v2\/posts\/1380"}],"collection":[{"href":"http:\/\/www.liemehna.de\/wordpress\/wp-json\/wp\/v2\/posts"}],"about":[{"href":"http:\/\/www.liemehna.de\/wordpress\/wp-json\/wp\/v2\/types\/post"}],"author":[{"embeddable":true,"href":"http:\/\/www.liemehna.de\/wordpress\/wp-json\/wp\/v2\/users\/1"}],"replies":[{"embeddable":true,"href":"http:\/\/www.liemehna.de\/wordpress\/wp-json\/wp\/v2\/comments?post=1380"}],"version-history":[{"count":1,"href":"http:\/\/www.liemehna.de\/wordpress\/wp-json\/wp\/v2\/posts\/1380\/revisions"}],"predecessor-version":[{"id":1381,"href":"http:\/\/www.liemehna.de\/wordpress\/wp-json\/wp\/v2\/posts\/1380\/revisions\/1381"}],"wp:attachment":[{"href":"http:\/\/www.liemehna.de\/wordpress\/wp-json\/wp\/v2\/media?parent=1380"}],"wp:term":[{"taxonomy":"category","embeddable":true,"href":"http:\/\/www.liemehna.de\/wordpress\/wp-json\/wp\/v2\/categories?post=1380"},{"taxonomy":"post_tag","embeddable":true,"href":"http:\/\/www.liemehna.de\/wordpress\/wp-json\/wp\/v2\/tags?post=1380"}],"curies":[{"name":"wp","href":"https:\/\/api.w.org\/{rel}","templated":true}]}}