{"id":1140,"date":"2018-11-24T11:55:55","date_gmt":"2018-11-24T10:55:55","guid":{"rendered":"http:\/\/www.liemehna.de\/wordpress\/2018\/11\/24\/rentnerweihnachtsfeier-2018-copy\/"},"modified":"2024-06-19T20:54:18","modified_gmt":"2024-06-19T18:54:18","slug":"rentnerweihnachtsfeier-2018-2","status":"publish","type":"post","link":"http:\/\/www.liemehna.de\/wordpress\/2018\/11\/24\/rentnerweihnachtsfeier-2018-2\/","title":{"rendered":"Rentnerweihnachtsfeier 2018"},"content":{"rendered":"<div id=\"pl-1140\"  class=\"panel-layout\" ><div id=\"pg-1140-0\"  class=\"panel-grid panel-no-style\" ><div id=\"pgc-1140-0-0\"  class=\"panel-grid-cell\" ><div id=\"panel-1140-0-0-0\" class=\"so-panel widget widget_sow-editor panel-first-child panel-last-child\" data-index=\"0\" ><div\n\t\t\t\n\t\t\tclass=\"so-widget-sow-editor so-widget-sow-editor-base\"\n\t\t\t\n\t\t>\n<div class=\"siteorigin-widget-tinymce textwidget\">\n\t<p>Sch\u00f6ne Feier f\u00fcr die Senioren<\/p>\n<p>Liemehna. Traditionell fand auch in diesem Jahr im Saal in Liemehna die Weihnachtsfeier f\u00fcr die Senioren der Ortschaften Liemehna, Ochelmitz und Gallen statt. Ortschaftsrat, Helfer und Partyservice hatten alles vorbereitet und weihnachtlich gestaltet. M\u00e4dchen und Jungen der Kita M\u00e4useland aus Jesewitz erfreuten uns mit einem kleinen Programm, sie tanzten und sangen Lieder. Einer der H\u00f6hepunkte war, als die Sportfrauen Weihnachtslieder anstimmten, bei denen die Senioren mitsingen konnten. Jessica begleitete uns am Keyboard und begeisterte mit einem Solo. F\u00fcr die G\u00e4ste war dies eine besonders anr\u00fchrende Stimmung, einige hatten sogar Tr\u00e4nen in den Augen. Auch B\u00fcrgermeister Ralf Tauchnitz schaute vorbei. Er erz\u00e4hlte etwas \u00fcber das aktuelle Gemeindegeschehen, informierte uns \u00fcber das, was schon geschafft wurde und noch geplant ist. F\u00fcr uns war das sehr interessant, die meisten haben nicht die M\u00f6glichkeit, an den Ratssitzungen teilzunehmen.<\/p>\n<p>Alles in allem war das ein sehr harmonischer Nachmittag, an dem eine lange nicht erlebte Verbundenheit zu sp\u00fcren war. Das war sehr angenehm und ging richtig unter die Haut. Schlie\u00dflich sehen wir uns nur selten. An alle, die diese sch\u00f6nen Stunden erm\u00f6glichten und gestalteten, ein herzliches Dankesch\u00f6n.<\/p>\n<p>Sieglinde Eidner<\/p>\n<p>Quelle :\"LVZ 29.12.2018\"<\/p>\n<p>Der Ortschaftsrat bedankt sich f\u00fcr ein gutes Jahr 2018 und w\u00fcnscht allen alles Gute f\u00fcr das Jahr 2019<\/p>\n<p>( T. Klinge, Ortsvorsteher, S.Wojahn, D. Tauchnitz, R. Sch\u00f6tter, B. Trenkler)<\/p>\n<\/div>\n<\/div><\/div><\/div><\/div><\/div>","protected":false},"excerpt":{"rendered":"<p>Sch\u00f6ne Feier f\u00fcr die Senioren Liemehna. Traditionell fand auch in diesem Jahr im Saal in Liemehna die Weihnachtsfeier f\u00fcr die Senioren der Ortschaften Liemehna, Ochelmitz und Gallen statt. Ortschaftsrat, Helfer und Partyservice hatten alles vorbereitet und weihnachtlich gestaltet. M\u00e4dchen und<\/p>\n","protected":false},"author":1,"featured_media":0,"comment_status":"closed","ping_status":"closed","sticky":false,"template":"","format":"standard","meta":{"footnotes":""},"categories":[5],"tags":[],"class_list":["post-1140","post","type-post","status-publish","format-standard","hentry","category-archiv"],"_links":{"self":[{"href":"http:\/\/www.liemehna.de\/wordpress\/wp-json\/wp\/v2\/posts\/1140"}],"collection":[{"href":"http:\/\/www.liemehna.de\/wordpress\/wp-json\/wp\/v2\/posts"}],"about":[{"href":"http:\/\/www.liemehna.de\/wordpress\/wp-json\/wp\/v2\/types\/post"}],"author":[{"embeddable":true,"href":"http:\/\/www.liemehna.de\/wordpress\/wp-json\/wp\/v2\/users\/1"}],"replies":[{"embeddable":true,"href":"http:\/\/www.liemehna.de\/wordpress\/wp-json\/wp\/v2\/comments?post=1140"}],"version-history":[{"count":8,"href":"http:\/\/www.liemehna.de\/wordpress\/wp-json\/wp\/v2\/posts\/1140\/revisions"}],"predecessor-version":[{"id":1379,"href":"http:\/\/www.liemehna.de\/wordpress\/wp-json\/wp\/v2\/posts\/1140\/revisions\/1379"}],"wp:attachment":[{"href":"http:\/\/www.liemehna.de\/wordpress\/wp-json\/wp\/v2\/media?parent=1140"}],"wp:term":[{"taxonomy":"category","embeddable":true,"href":"http:\/\/www.liemehna.de\/wordpress\/wp-json\/wp\/v2\/categories?post=1140"},{"taxonomy":"post_tag","embeddable":true,"href":"http:\/\/www.liemehna.de\/wordpress\/wp-json\/wp\/v2\/tags?post=1140"}],"curies":[{"name":"wp","href":"https:\/\/api.w.org\/{rel}","templated":true}]}}